{"id":9972,"date":"2019-10-17T17:52:10","date_gmt":"2019-10-17T16:52:10","guid":{"rendered":"https:\/\/www.saladalmau.com\/?p=9972"},"modified":"2019-10-17T17:52:10","modified_gmt":"2019-10-17T16:52:10","slug":"galeria-art-a-barcelona-dalmau","status":"publish","type":"post","link":"https:\/\/www.saladalmau.com\/ca\/2019\/10\/17\/galeria-art-a-barcelona-dalmau\/","title":{"rendered":"40 anys d&#8217;una galeria d&#8217;art a Barcelona"},"content":{"rendered":"<p style=\"text-align: left;\">Consell de Cent era, i ha sigut durant d\u00e8cades, el carrer de les galeries d\u2019art a Barcelona. La Sala Dalmau segueix en la seva localitzaci\u00f3 inicial, el n\u00famero 349, a prop de Passeig de Gr\u00e0cia. Al llarg dels anys, la <a href=\"https:\/\/www.saladalmau.com\/ca\/galeria-dart-a-barcelona\/\">nostra galeria<\/a> ha sigut testimoni privilegiat dels canvis de la ciutat, de com els comer\u00e7os pensats per als barcelonins han anat desapareixent. Lla sabateria Oliver, la botiga de queviures Sim\u00f3n, el bar Como, la botiga de discos Gong, la boutique Bebelin o la perruqueria Mendiald\u00faa han anat tancant. De tot all\u00f2 ja no en queda res.<\/p>\n<p style=\"text-align: left;\">En el tram de Consell de Cent entre Passeig de Gr\u00e0cia y Rambla Catalunya som ja els m\u00e9s antics: aquest octubre celebrem 40 anys. Al \u00a0llarg d\u2019aquest temps, la <a href=\"https:\/\/www.cartier.es\/\">joieria Cartier<\/a> o la botigha de moda Antonio Mir\u00f3 han estat els nostres ve\u00efns. Ara, l\u2019Hotel Mandarin, Sandro o Khiel\u2019s son alguns dels comer\u00e7os que han reempla\u00e7at als establiments cl\u00e0ssics de la ciutat.<\/p>\n<p style=\"text-align: left;\">Afortunadament Consell de Cent \u00a0segueix sent un lloc interessant per a veure galeries d\u2019art a Barcelona. Cl\u00e0ssics com Mayoral, Gothsland o Eude segueixen als seus empla\u00e7aments originals, i galeries m\u00e9s joves com Jordi Barnadas han perm\u00e8s que continu\u00ef sent una de las principals art\u00e8ries de l\u2019art a Barcelona.<\/p>\n<p style=\"text-align: left;\">Aquesta temporada es compleixen 40 anys de la fundaci\u00f3 de la nostra \u00a0galeria. A l\u2019octubre de 1979 Francesc Draper va fundar la Sala Dalmau com a homenatge a <a href=\"https:\/\/www.saladalmau.com\/ca\/2018\/10\/10\/josep-dalmau-galeria-dalmau\/\">Josep Dalmau<\/a>, galerista de les avantguardes a la Barcelona de principis del S.XX.<\/p>\n<p style=\"text-align: left;\">La primera exposici\u00f3 va ser tota una declaraci\u00f3 d\u2019intencions: una individual d\u2019<a href=\"https:\/\/www.saladalmau.com\/ca\/artista\/hernando-vines\/\">Hernando Vi\u00f1es<\/a>, nebot del conegut pianista i compositor Ricard Vi\u00f1es, i un dels m\u00e0xims exponents de l\u2019escola de Par\u00eds. Aquesta mostra, centrada en obres dels anys 20, 30 i 40, marcar\u00e0 una de las l\u00ednies principals de la galeria, les avantguardes de las primeres d\u00e8cades del S.XX.<\/p>\n<p><img decoding=\"async\" loading=\"lazy\" class=\"aligncenter wp-image-9982\" src=\"https:\/\/www.saladalmau.com\/wp-content\/uploads\/2019\/10\/galeria-de-arte-en-barcelona-300x210.jpg\" alt=\"exposicions art a Barcelona\" width=\"340\" height=\"238\" srcset=\"https:\/\/www.saladalmau.com\/wp-content\/uploads\/2019\/10\/galeria-de-arte-en-barcelona-300x210.jpg 300w, https:\/\/www.saladalmau.com\/wp-content\/uploads\/2019\/10\/galeria-de-arte-en-barcelona-150x105.jpg 150w, https:\/\/www.saladalmau.com\/wp-content\/uploads\/2019\/10\/galeria-de-arte-en-barcelona-768x538.jpg 768w, https:\/\/www.saladalmau.com\/wp-content\/uploads\/2019\/10\/galeria-de-arte-en-barcelona-1024x718.jpg 1024w, https:\/\/www.saladalmau.com\/wp-content\/uploads\/2019\/10\/galeria-de-arte-en-barcelona-1100x771.jpg 1100w, https:\/\/www.saladalmau.com\/wp-content\/uploads\/2019\/10\/galeria-de-arte-en-barcelona.jpg 1892w\" sizes=\"(max-width: 340px) 100vw, 340px\" \/><\/p>\n<p style=\"text-align: center;\">Fa\u00e7ana de la Sala Dalmau, 1979<\/p>\n<p style=\"text-align: left;\">Des de el principi, la filosofia de la galeria es combinar exposicions d\u2019 artistes exiliats durant la guerra civil i vinculats a les avantguardes amb joves contemporanis que utilitzaren aquesta influ\u00e8ncia per a portar-la al seu propi terreny. Als, en aquells moments joves, <a href=\"https:\/\/www.saladalmau.com\/ca\/artista\/juan-alcalde\/\">Juan Alcalde<\/a> o <a href=\"https:\/\/www.saladalmau.com\/ca\/artista\/josep-maria-garcia-llort\/\">Josep Maria Garc\u00eda-Llort<\/a>, es van unir amb els anys <a href=\"https:\/\/www.saladalmau.com\/ca\/artista\/jordi-amagat\/\">Jordi Amagat<\/a>, <a href=\"https:\/\/www.saladalmau.com\/ca\/artista\/jorge-gay\/\">Jorge Gay<\/a>, <a href=\"https:\/\/www.saladalmau.com\/ca\/artista\/victor-pedra\/\">V\u00edctor Pedra<\/a> o <a href=\"https:\/\/www.saladalmau.com\/ca\/artista\/miguel-pena\/\">Miguel Pe\u00f1a<\/a> i, posteriorment, <a href=\"https:\/\/www.saladalmau.com\/ca\/artista\/manolo-belzunce\/\">Manolo Belzunce<\/a>,\u00a0 <a href=\"https:\/\/www.saladalmau.com\/ca\/artista\/javier-lapuente\/\">Javier Lapuente<\/a>, <a href=\"https:\/\/www.saladalmau.com\/ca\/artista\/jose-leguey\/\">Jos\u00e9 Leguey<\/a>, <a href=\"https:\/\/www.saladalmau.com\/ca\/artista\/miguel-villarino\/\">Miguel Villarino<\/a> o <a href=\"https:\/\/www.saladalmau.com\/ca\/artista\/jose-luis-zumeta\/\">Jos\u00e9 Luis Zumeta<\/a>.<\/p>\n<p style=\"text-align: left;\">El record a Josep Dalmau sempre ha estat present en la nostra galeria. Es va recuperar la seva figura en l\u2019exposici\u00f3 \u201cJosep Dalmau i el seu m\u00f3n\u201d, que va permetre con\u00e8ixer millor la seva feina. Tamb\u00e9 amb exposicions d\u2019artistes que en el seu dia havien exposat en les galeries Dalmau com <a href=\"https:\/\/www.saladalmau.com\/ca\/artista\/jacint-salvado\/\">Jacint Salvad\u00f3<\/a>, Rafael Barradas i, molt especialment, <a href=\"https:\/\/www.saladalmau.com\/ca\/artista\/joaquin-torres-garcia\/\">Joaqu\u00edn Torres-Garc\u00eda<\/a>.<\/p>\n<p style=\"text-align: left;\">L\u2019inter\u00e8s per Torres-Garc\u00eda ha portat a la nostra galeria a desenvolupar un profund estudi de la seva obra i el seu llegat. A m\u00e9s del seu treball, hem presentat en varies exposicions l\u2019obra de alguns dels seus deixebles del seu m\u00edtic <a href=\"https:\/\/www.saladalmau.com\/ca\/exposicio\/el-taller-torres-garcia-1998\/\">Taller de Montevideo<\/a>. Artistes com <a href=\"https:\/\/www.saladalmau.com\/ca\/artista\/augusto-torres\/\">Augusto Torres<\/a> o <a href=\"https:\/\/www.saladalmau.com\/ca\/artista\/jose-gurvich\/\">Jos\u00e9 Gurvich<\/a> formen part de la hist\u00f2ria de la Sala Dalmau, aix\u00ed com, molt especialment, <a href=\"https:\/\/www.saladalmau.com\/ca\/artista\/alceu-ribeiro\/\">Alceu Ribeiro<\/a>. Ribeiro, un dels primers alumnes de Torres, es va unir al grup d\u2019artistes de la galeria al 1997 i, fins a la seva mort el 2013, vam tenir el plaer de con\u00e8ixer la seva obra i el seu llegat de primera ma.<\/p>\n<p><img decoding=\"async\" loading=\"lazy\" class=\"aligncenter wp-image-9987 size-medium\" src=\"https:\/\/www.saladalmau.com\/wp-content\/uploads\/2019\/10\/10-Francesc-Draper-Alceu-Mariana.-300x211.jpg\" alt=\"exposicions a Barcelona\" width=\"300\" height=\"211\" srcset=\"https:\/\/www.saladalmau.com\/wp-content\/uploads\/2019\/10\/10-Francesc-Draper-Alceu-Mariana.-300x211.jpg 300w, https:\/\/www.saladalmau.com\/wp-content\/uploads\/2019\/10\/10-Francesc-Draper-Alceu-Mariana.-150x105.jpg 150w, https:\/\/www.saladalmau.com\/wp-content\/uploads\/2019\/10\/10-Francesc-Draper-Alceu-Mariana.-768x540.jpg 768w, https:\/\/www.saladalmau.com\/wp-content\/uploads\/2019\/10\/10-Francesc-Draper-Alceu-Mariana.-1024x720.jpg 1024w, https:\/\/www.saladalmau.com\/wp-content\/uploads\/2019\/10\/10-Francesc-Draper-Alceu-Mariana.-1100x773.jpg 1100w, https:\/\/www.saladalmau.com\/wp-content\/uploads\/2019\/10\/10-Francesc-Draper-Alceu-Mariana..jpg 1340w\" sizes=\"(max-width: 300px) 100vw, 300px\" \/><\/p>\n<p style=\"text-align: center;\">Francesc Draper, Alceu Ribeiro i Mariana Draper, Sala Dalmau, 1997.<\/p>\n<p style=\"text-align: left;\">La recuperaci\u00f3 d\u2019artistes que van deixar Catalunya i Espanya ha estat tamb\u00e9 una altra de les prioritats de la galeria: els barcelonins <a href=\"https:\/\/www.saladalmau.com\/ca\/artista\/j-fin\/\">J.F\u00edn<\/a> i <a href=\"https:\/\/www.saladalmau.com\/ca\/artista\/javier-vilato\/\">Javier Vilat\u00f3<\/a> havien passat a un segon pla quan la seva obra mereixia un reconeixement major. Una figura d\u2019especial rellev\u00e0ncia en aquest sentit ha estat <a href=\"https:\/\/www.saladalmau.com\/ca\/artista\/manuel-angeles-ortiz\/\">Manuel Angeles Ortiz<\/a>, andal\u00fas, \u00edntim amigo de Lorca i Picasso, l\u2019obra del qual hem pogut reivindicar en diferents exposicions.<\/p>\n<p style=\"text-align: left;\">Francesc Draper ens va deixar al 1999, quan presentem la primera exposici\u00f3 individual de Javier Vilat\u00f3 despr\u00e9s de m\u00e9s de 35 anys d\u2019abs\u00e8ncia de la seva ciutat. Despr\u00e9s del seu trasp\u00e0s, \u00a0la galeria ha continuant endavant amb la mateixa filosofia, amb exposicions tan rellevants com la dedicada a <a href=\"https:\/\/www.saladalmau.com\/ca\/exposicio\/le-corbusier-2008\/\">Le Corbusier<\/a> o la mostra d\u2019<a href=\"https:\/\/www.saladalmau.com\/ca\/artista\/eugenio-granell\/\">Eugenio Granell<\/a> o, la passada temporada, la primera exposici\u00f3 a una galeria de Barcelona de Jos\u00e9 Luis Zumeta, un dels grans renovadors de la pintura basca de la segona meitat del segle XX.<\/p>\n<p style=\"text-align: left;\">Volem donar les gr\u00e0cies a tots els artistes, institucions, galeristes cr\u00edtics i col\u00b7leccionistes amb els que hem col\u00b7laborat al llarg d\u2019aquests anys, per\u00f2 molt especialment al p\u00fablic de la nostra ciutat que ha visitat les nostres exposicions i ha valorat la nostra feina. Esperem que la galeria pugui seguir endavant per molt de temps!<\/p>\n","protected":false},"excerpt":{"rendered":"<p>Consell de Cent era, i ha sigut durant d\u00e8cades, el carrer de les galeries d\u2019art a Barcelona. La Sala Dalmau segueix en la seva localitzaci\u00f3 inicial, el n\u00famero 349, a prop de Passeig de Gr\u00e0cia. Al llarg dels anys, la nostra galeria ha sigut testimoni [&hellip;]<\/p>\n","protected":false},"author":3,"featured_media":9983,"comment_status":"closed","ping_status":"closed","sticky":false,"template":"","format":"standard","meta":[],"categories":[3],"tags":[],"acf":[],"_links":{"self":[{"href":"https:\/\/www.saladalmau.com\/ca\/wp-json\/wp\/v2\/posts\/9972"}],"collection":[{"href":"https:\/\/www.saladalmau.com\/ca\/wp-json\/wp\/v2\/posts"}],"about":[{"href":"https:\/\/www.saladalmau.com\/ca\/wp-json\/wp\/v2\/types\/post"}],"author":[{"embeddable":true,"href":"https:\/\/www.saladalmau.com\/ca\/wp-json\/wp\/v2\/users\/3"}],"replies":[{"embeddable":true,"href":"https:\/\/www.saladalmau.com\/ca\/wp-json\/wp\/v2\/comments?post=9972"}],"version-history":[{"count":6,"href":"https:\/\/www.saladalmau.com\/ca\/wp-json\/wp\/v2\/posts\/9972\/revisions"}],"predecessor-version":[{"id":10041,"href":"https:\/\/www.saladalmau.com\/ca\/wp-json\/wp\/v2\/posts\/9972\/revisions\/10041"}],"wp:featuredmedia":[{"embeddable":true,"href":"https:\/\/www.saladalmau.com\/ca\/wp-json\/wp\/v2\/media\/9983"}],"wp:attachment":[{"href":"https:\/\/www.saladalmau.com\/ca\/wp-json\/wp\/v2\/media?parent=9972"}],"wp:term":[{"taxonomy":"category","embeddable":true,"href":"https:\/\/www.saladalmau.com\/ca\/wp-json\/wp\/v2\/categories?post=9972"},{"taxonomy":"post_tag","embeddable":true,"href":"https:\/\/www.saladalmau.com\/ca\/wp-json\/wp\/v2\/tags?post=9972"}],"curies":[{"name":"wp","href":"https:\/\/api.w.org\/{rel}","templated":true}]}}