{"id":8889,"date":"2018-11-26T10:50:30","date_gmt":"2018-11-26T09:50:30","guid":{"rendered":"https:\/\/www.saladalmau.com\/?p=8889"},"modified":"2018-11-26T10:50:30","modified_gmt":"2018-11-26T09:50:30","slug":"j-fin-jose-vilato-ruiz-mnac","status":"publish","type":"post","link":"https:\/\/www.saladalmau.com\/ca\/2018\/11\/26\/j-fin-jose-vilato-ruiz-mnac\/","title":{"rendered":"J.F\u00edn al MNAC"},"content":{"rendered":"<p><a href=\"https:\/\/www.saladalmau.com\/ca\/artista\/j-fin\/\">J.FIN<\/a> (Jos\u00e9 Vilat\u00f3 Ruiz, Barcelona 1916-Par\u00eds 1969) es un dels artistes adscrits a les avantguardes m\u00e1s lligats a \u00a0la <a href=\"https:\/\/www.saladalmau.com\/ca\/galeria-dart-a-barcelona\/\">nostra galeria<\/a>. Fins i tot abans d\u2019inaugurar la Sala Dalmau al 1979, el fundador de la galeria, Francesc Draper, ja li va organitzar una mostra en la desapareguda Sala Navarro, una exposici\u00f3 itinerant que a Madrid es va poder veure a la tamb\u00e9 desapareguda Galer\u00eda Ponce . Al llarg dels anys, hem incl\u00f2s la seva obra en moltes de les nostres exposicions dedicades a les avantguardes hist\u00f2riques i a l\u2019escola de Par\u00eds, a m\u00e9s de presentar-la individualment fins a en 5 ocasions (1988, <a href=\"https:\/\/www.saladalmau.com\/ca\/exposicio\/j-fin-1996\/\">1996<\/a>, <a href=\"https:\/\/www.saladalmau.com\/ca\/exposicio\/j-fin-2002\/\">2002<\/a>, <a href=\"https:\/\/www.saladalmau.com\/ca\/exposicio\/j-fin-2008\/\">2008<\/a> i <a href=\"https:\/\/www.saladalmau.com\/ca\/exposicio\/j-fin-2017\/\">2017<\/a>), exposant els diferents per\u00edodes de la seva traject\u00f2ria.<\/p>\n<p>Reivindicar el seu treball ha estat molt important per a nosaltres, recuperar la obra de grans artistes que per diferents motius han quedat en un segon terme,\u00a0 ha estat sempre una de les nostres prioritats com a galeria, i el cas de J.FIN es especial: nebot de Picasso, el seu desig d\u2019independ\u00e8ncia el va portat a Par\u00eds, on tot i \u00a0passar\u00a0 \u00e8poques d\u2019aut\u00e8ntiques pen\u00faries\u00a0 no va voler demanar ajuda al seu oncle ni rebre la seva influ\u00e8ncia art\u00edstica. Van ser els anys on va viure a l\u2019emblem\u00e0tic edifici de La Ruche, pr\u00e0cticament inhabitable a la d\u00e8cada dels 40. Aquesta situaci\u00f3 va trencar la seva salut i va provocar la seva prematura mort al 1969.\u00a0<\/p>\n<p><img decoding=\"async\" loading=\"lazy\" class=\"alignnone size-medium wp-image-8915\" src=\"https:\/\/www.saladalmau.com\/wp-content\/uploads\/2018\/11\/Fin-ruche-292x300.jpg\" alt=\"\" width=\"292\" height=\"300\" srcset=\"https:\/\/www.saladalmau.com\/wp-content\/uploads\/2018\/11\/Fin-ruche-292x300.jpg 292w, https:\/\/www.saladalmau.com\/wp-content\/uploads\/2018\/11\/Fin-ruche-146x150.jpg 146w, https:\/\/www.saladalmau.com\/wp-content\/uploads\/2018\/11\/Fin-ruche.jpg 500w\" sizes=\"(max-width: 292px) 100vw, 292px\" \/><\/p>\n<p>J.F\u00efn a seu estudi de La Ruche, c.1948.<\/p>\n<p>Com a galeria, <a href=\"https:\/\/www.saladalmau.com\/ca\/2018\/01\/30\/funcio-galeria-art\/\">una de les nostres funcions<\/a> consisteix en promocionar l\u2019obra dels nostres artistes, no nom\u00e9s exposant-la si no ajudant a la seva projecci\u00f3 col\u00b7laborant amb diferents institucions. El cas de FIN\u00a0 en aquest sentit ha estat especialment il\u00b7lusionant: en \u00a0les seves primeres exposicions l\u2019\u00e8xit de p\u00fablic fou notable, per\u00f2 veure l\u2019inter\u00e8s de v\u00e0ries Instituciones por el seu treball ha estat la proba definitiva de que el nostre esfor\u00e7 era reconegut.<\/p>\n<p>En 1996 vam\u00a0 organitzar un acte a la nostra galeria en el que es va fer donaci\u00f3 per part d\u2019un col\u00b7leccionista d\u2019una obra de gran format al <a href=\"https:\/\/www.macba.cat\/ca\/fin\">MACBA<\/a>. Dos anys despr\u00e9s v\u00e0rem col\u00b7laborar\u00a0 en\u00a0\u00a0 la celebraci\u00f3 d\u2019una retrospectiva de la seva obra gr\u00e0fica a la <a href=\"http:\/\/www.bnc.cat\/Fons-i-col-leccions\/Cerca-Fons-i-col-leccions\/Vilato-Ruiz-Josep\">Biblioteca de Catalunya<\/a>. Posteriorment, \u00a0la col\u00b7lecci\u00f3 de la Caixa de Catalunya (actualment fusionada amb el BBVA) ens va adquirir un dels seus treballs per al seu fons. El recolzament definitiu va arribar \u00a0al 2002, quan el <a href=\"https:\/\/www.museoreinasofia.es\/coleccion\/autor\/fin-josep-jose-vilato-ruiz\">MNCARS (Museo Nacional Centro de Arte Reina Sof\u00eda)<\/a> va decidir adquirir per a la seva col\u00b7lecci\u00f3 la monumental obra \u201cAbstracci\u00f3n\u201d del 1949. Era la mostra definitiva del respecte de las Instituciones a la seva pintura.<\/p>\n<p>Al 2008, vam comissariar per a la Fundaci\u00f3 Vila Casas la retrospectiva \u201cFIN a les col\u00b7leccions de Barcelona\u201d, que presentava obres de col\u00b7lecciones barcelonines, moltes de les quals no havien pogut veure\u2019s en anys. La Fundaci\u00f3 va comprar una obra de grans dimensions,\u00a0 titulada \u00a0<a href=\"https:\/\/www.fundaciovilacasas.com\/ca\/obres\/jose-vilato-ruiz\">\u201cGran cortina\u201d<\/a> per al seu fons i es pot veure a la seva col\u00b7lecci\u00f3 permanent al Museu \u00a0Can Framis.<\/p>\n<p><img decoding=\"async\" loading=\"lazy\" class=\"alignnone size-medium wp-image-8909\" src=\"https:\/\/www.saladalmau.com\/wp-content\/uploads\/2018\/11\/Fin-vila-casas--292x300.jpg\" alt=\"\" width=\"292\" height=\"300\" srcset=\"https:\/\/www.saladalmau.com\/wp-content\/uploads\/2018\/11\/Fin-vila-casas--292x300.jpg 292w, https:\/\/www.saladalmau.com\/wp-content\/uploads\/2018\/11\/Fin-vila-casas--146x150.jpg 146w, https:\/\/www.saladalmau.com\/wp-content\/uploads\/2018\/11\/Fin-vila-casas--768x790.jpg 768w, https:\/\/www.saladalmau.com\/wp-content\/uploads\/2018\/11\/Fin-vila-casas--996x1024.jpg 996w, https:\/\/www.saladalmau.com\/wp-content\/uploads\/2018\/11\/Fin-vila-casas-.jpg 1000w\" sizes=\"(max-width: 292px) 100vw, 292px\" \/><\/p>\n<p>Portada del cat\u00e0leg &#8220;J.F\u00edn a les col\u00b7leccions de Barcelona&#8221;.<\/p>\n<p>Ara, veiem el reconeixement definitiu en la seva Barcelona natal: el MNAC ha adquirit per a la seva col\u00b7lecci\u00f3 \u201cAbstracci\u00f3n I\u201d, una de las obres clau dels primers anys del seu per\u00edode parisenc. El periodista Llu\u00eds Permanyer va escriure sobre ella \u201c(\u2026) la plasma segons l\u2019abstracci\u00f3 m\u00e9s pura, severa,\u00a0\u00a0en la que (F\u00edn) combina amb mestratge efica\u00e7 la pintura i tamb\u00e9 el collage: unes poques xinxetes subjecten un subtil entramat lineal a base de cordill. El resultat es prometedor: turba, inquieta i enlluerna\u201d.\u00a0 El cr\u00edtic d\u2019art Juan Bufill coment\u00e0: \u201c(\u2026) una composici\u00f3 on els tra\u00e7os no han estat dibuixats ni pintats, si no marcats per cordills clavats sobre fusta, bastant abans que T\u00e0pies\u201d.<\/p>\n<p><img decoding=\"async\" loading=\"lazy\" class=\"alignnone size-medium wp-image-8912\" src=\"https:\/\/www.saladalmau.com\/wp-content\/uploads\/2018\/11\/J.Fin-6644-sd-2-300x194.jpg\" alt=\"\" width=\"300\" height=\"194\" srcset=\"https:\/\/www.saladalmau.com\/wp-content\/uploads\/2018\/11\/J.Fin-6644-sd-2-300x194.jpg 300w, https:\/\/www.saladalmau.com\/wp-content\/uploads\/2018\/11\/J.Fin-6644-sd-2-150x97.jpg 150w, https:\/\/www.saladalmau.com\/wp-content\/uploads\/2018\/11\/J.Fin-6644-sd-2-768x495.jpg 768w, https:\/\/www.saladalmau.com\/wp-content\/uploads\/2018\/11\/J.Fin-6644-sd-2-1024x660.jpg 1024w, https:\/\/www.saladalmau.com\/wp-content\/uploads\/2018\/11\/J.Fin-6644-sd-2-1100x710.jpg 1100w, https:\/\/www.saladalmau.com\/wp-content\/uploads\/2018\/11\/J.Fin-6644-sd-2.jpg 1200w\" sizes=\"(max-width: 300px) 100vw, 300px\" \/><\/p>\n<p>J.F\u00edn &#8220;Abstracci\u00f3n I&#8221; (1949).<\/p>\n<p>Es un orgull per a la nostra galeria veure que l\u2019obra d\u2019un artista tan estimat i reivindicat per nosaltres obtingui a poc a poc el reconeixement que es mereix.<\/p>\n","protected":false},"excerpt":{"rendered":"<p>J.FIN (Jos\u00e9 Vilat\u00f3 Ruiz, Barcelona 1916-Par\u00eds 1969) es un dels artistes adscrits a les avantguardes m\u00e1s lligats a \u00a0la nostra galeria. Fins i tot abans d\u2019inaugurar la Sala Dalmau al 1979, el fundador de la galeria, Francesc Draper, ja li va organitzar una mostra en [&hellip;]<\/p>\n","protected":false},"author":3,"featured_media":8912,"comment_status":"closed","ping_status":"closed","sticky":false,"template":"","format":"standard","meta":[],"categories":[3],"tags":[],"acf":[],"_links":{"self":[{"href":"https:\/\/www.saladalmau.com\/ca\/wp-json\/wp\/v2\/posts\/8889"}],"collection":[{"href":"https:\/\/www.saladalmau.com\/ca\/wp-json\/wp\/v2\/posts"}],"about":[{"href":"https:\/\/www.saladalmau.com\/ca\/wp-json\/wp\/v2\/types\/post"}],"author":[{"embeddable":true,"href":"https:\/\/www.saladalmau.com\/ca\/wp-json\/wp\/v2\/users\/3"}],"replies":[{"embeddable":true,"href":"https:\/\/www.saladalmau.com\/ca\/wp-json\/wp\/v2\/comments?post=8889"}],"version-history":[{"count":3,"href":"https:\/\/www.saladalmau.com\/ca\/wp-json\/wp\/v2\/posts\/8889\/revisions"}],"predecessor-version":[{"id":8923,"href":"https:\/\/www.saladalmau.com\/ca\/wp-json\/wp\/v2\/posts\/8889\/revisions\/8923"}],"wp:featuredmedia":[{"embeddable":true,"href":"https:\/\/www.saladalmau.com\/ca\/wp-json\/wp\/v2\/media\/8912"}],"wp:attachment":[{"href":"https:\/\/www.saladalmau.com\/ca\/wp-json\/wp\/v2\/media?parent=8889"}],"wp:term":[{"taxonomy":"category","embeddable":true,"href":"https:\/\/www.saladalmau.com\/ca\/wp-json\/wp\/v2\/categories?post=8889"},{"taxonomy":"post_tag","embeddable":true,"href":"https:\/\/www.saladalmau.com\/ca\/wp-json\/wp\/v2\/tags?post=8889"}],"curies":[{"name":"wp","href":"https:\/\/api.w.org\/{rel}","templated":true}]}}