{"id":7783,"date":"2017-12-15T18:26:43","date_gmt":"2017-12-15T18:26:43","guid":{"rendered":"https:\/\/www.saladalmau.com\/ca\/2017\/12\/15\/manolo-belzunce-africa-forever\/"},"modified":"2017-12-16T10:01:53","modified_gmt":"2017-12-16T10:01:53","slug":"manolo-belzunce-africa-forever","status":"publish","type":"post","link":"https:\/\/www.saladalmau.com\/ca\/2017\/12\/15\/manolo-belzunce-africa-forever\/","title":{"rendered":"Manolo Belzunce &#8211; Africa forever"},"content":{"rendered":"<p class=\"x_MsoNormal\" style=\"text-align: left;\"><span lang=\"FR\">Del 14 de desembre i fins al 18 de febrer de 2018 <a href=\"\/?p=3472\"><strong>Manolo Belzunce<\/strong><\/a> presenta al <a href=\"https:\/\/www.murciaturistica.es\/es\/monumento\/palacio-consistorial-350\/\">Palacio Consistorial de Cartagena <\/a>l&#8217;exposici\u00f3 &#8220;Africa forever&#8221;. Manolo sempre ha estat un enamorat d&#8217;\u00c0frica i en aquesta ocasi\u00f3 mostra un recorregut a trav\u00e9s de les seves diferents estades en aquest continent.<\/span><\/p>\n<p style=\"text-align: left;\">En aquestes obres, els colors terra s&#8217;apropien de les composicions, totes elles de gran for\u00e7a gestual i en les que reflecteix d&#8217;una manera molt personal el dia a dia dels vilatans dels llocs que visitava. En aquests viatges, Manolo no exerceix de mer espectador, s&#8217;integra i participa de la vida dels poblats en els que se instal\u00b7la permetent que el seu treball s&#8217;empapi per complert del que el rodeja, donant lloc a una pintura molt diferent a la que realitza quan es a occident.<strong><br \/>\n<\/strong><\/p>\n","protected":false},"excerpt":{"rendered":"<p>Del 14 de desembre i fins al 18 de febrer de 2018 Manolo Belzunce presenta al Palacio Consistorial de Cartagena l&#8217;exposici\u00f3 &#8220;Africa forever&#8221;. Manolo sempre ha estat un enamorat d&#8217;\u00c0frica i en aquesta ocasi\u00f3 mostra un recorregut a trav\u00e9s de les seves diferents estades en [&hellip;]<\/p>\n","protected":false},"author":3,"featured_media":7781,"comment_status":"open","ping_status":"open","sticky":false,"template":"","format":"standard","meta":[],"categories":[3],"tags":[],"acf":[],"_links":{"self":[{"href":"https:\/\/www.saladalmau.com\/ca\/wp-json\/wp\/v2\/posts\/7783"}],"collection":[{"href":"https:\/\/www.saladalmau.com\/ca\/wp-json\/wp\/v2\/posts"}],"about":[{"href":"https:\/\/www.saladalmau.com\/ca\/wp-json\/wp\/v2\/types\/post"}],"author":[{"embeddable":true,"href":"https:\/\/www.saladalmau.com\/ca\/wp-json\/wp\/v2\/users\/3"}],"replies":[{"embeddable":true,"href":"https:\/\/www.saladalmau.com\/ca\/wp-json\/wp\/v2\/comments?post=7783"}],"version-history":[{"count":3,"href":"https:\/\/www.saladalmau.com\/ca\/wp-json\/wp\/v2\/posts\/7783\/revisions"}],"predecessor-version":[{"id":7791,"href":"https:\/\/www.saladalmau.com\/ca\/wp-json\/wp\/v2\/posts\/7783\/revisions\/7791"}],"wp:featuredmedia":[{"embeddable":true,"href":"https:\/\/www.saladalmau.com\/ca\/wp-json\/wp\/v2\/media\/7781"}],"wp:attachment":[{"href":"https:\/\/www.saladalmau.com\/ca\/wp-json\/wp\/v2\/media?parent=7783"}],"wp:term":[{"taxonomy":"category","embeddable":true,"href":"https:\/\/www.saladalmau.com\/ca\/wp-json\/wp\/v2\/categories?post=7783"},{"taxonomy":"post_tag","embeddable":true,"href":"https:\/\/www.saladalmau.com\/ca\/wp-json\/wp\/v2\/tags?post=7783"}],"curies":[{"name":"wp","href":"https:\/\/api.w.org\/{rel}","templated":true}]}}