{"id":7329,"date":"2017-10-05T16:00:13","date_gmt":"2017-10-05T16:00:13","guid":{"rendered":"https:\/\/www.saladalmau.com\/ca\/2017\/10\/05\/garcia-llort\/"},"modified":"2024-10-15T11:08:56","modified_gmt":"2024-10-15T09:08:56","slug":"garcia-llort","status":"publish","type":"post","link":"https:\/\/www.saladalmau.com\/ca\/2017\/10\/05\/garcia-llort\/","title":{"rendered":"Garcia-Llort"},"content":{"rendered":"<p>Garcia-Llort a Par\u00eds.<\/p>\n<p>Amb ocasi\u00f3 del 30 aniversari de la reobertura del <a href=\"https:\/\/www.colesp.org\/\">Col\u00b7legi d\u2019Espanya a Par\u00eds<\/a>, el proper 10 d\u2019octubre s\u2019inaugura a Par\u00eds l\u2019exposici\u00f3 \u201cHomenatge als pintors residents, 1952\u201d. Es podr\u00e0 veure al Col\u00b7legi d\u2019Espanya, <em>Cit\u00e9 Universitaire de Paris<\/em>, 7E Boulevard Jordain i durar\u00e0 fins al 29 d\u2019octubre. Comissariada per Josep Miquel Garcia, la mostra recull les obres que els artistes van exposar al 1952, entre ells <a href=\"\/?p=3490\"><strong>Josep Maria Garcia-Llort<\/strong><\/a>, la seva obra es podr\u00e0 veure juntament a la dels seus companys Xavier Valls, August Puig o Jordi Mercad\u00e9. El Col\u00b7legi d\u2019Espanya servia de marc per a intercanviar informaci\u00f3 i consells t\u00e8cnics en un ambient que fomentava l\u2019inspiraci\u00f3 m\u00fatua dels residents. Aquesta uni\u00f3, va contribuir a que molta de l\u2019obra d\u2019aquests artistes tingu\u00e9s nexes d\u2019uni\u00f3, especialment en lo crom\u00e0tic, amb una paleta s\u00f2bria. L\u2019exposici\u00f3 original es va inaugurar al Col\u00b7legi d\u2019Espanya, a la <em>Cit\u00e9 Universitaire de Paris <\/em>entre el 31 de mar\u00e7 i el 9 d\u2019abril del 1952, comptant amb la participaci\u00f3 dels 16 artistes l\u2019obra dels quals es torna a presentar i, en alguns casos com el de Josep Maria Garcia-Llort, recuperant les pintures exposades al seu dia.<\/p>\n","protected":false},"excerpt":{"rendered":"<p>Garcia-Llort a Par\u00eds. Amb ocasi\u00f3 del 30 aniversari de la reobertura del Col\u00b7legi d\u2019Espanya a Par\u00eds, el proper 10 d\u2019octubre s\u2019inaugura a Par\u00eds l\u2019exposici\u00f3 \u201cHomenatge als pintors residents, 1952\u201d. Es podr\u00e0 veure al Col\u00b7legi d\u2019Espanya, Cit\u00e9 Universitaire de Paris, 7E Boulevard Jordain i durar\u00e0 fins [&hellip;]<\/p>\n","protected":false},"author":3,"featured_media":7326,"comment_status":"closed","ping_status":"closed","sticky":false,"template":"","format":"standard","meta":[],"categories":[3],"tags":[],"acf":[],"_links":{"self":[{"href":"https:\/\/www.saladalmau.com\/ca\/wp-json\/wp\/v2\/posts\/7329"}],"collection":[{"href":"https:\/\/www.saladalmau.com\/ca\/wp-json\/wp\/v2\/posts"}],"about":[{"href":"https:\/\/www.saladalmau.com\/ca\/wp-json\/wp\/v2\/types\/post"}],"author":[{"embeddable":true,"href":"https:\/\/www.saladalmau.com\/ca\/wp-json\/wp\/v2\/users\/3"}],"replies":[{"embeddable":true,"href":"https:\/\/www.saladalmau.com\/ca\/wp-json\/wp\/v2\/comments?post=7329"}],"version-history":[{"count":3,"href":"https:\/\/www.saladalmau.com\/ca\/wp-json\/wp\/v2\/posts\/7329\/revisions"}],"predecessor-version":[{"id":47405,"href":"https:\/\/www.saladalmau.com\/ca\/wp-json\/wp\/v2\/posts\/7329\/revisions\/47405"}],"wp:featuredmedia":[{"embeddable":true,"href":"https:\/\/www.saladalmau.com\/ca\/wp-json\/wp\/v2\/media\/7326"}],"wp:attachment":[{"href":"https:\/\/www.saladalmau.com\/ca\/wp-json\/wp\/v2\/media?parent=7329"}],"wp:term":[{"taxonomy":"category","embeddable":true,"href":"https:\/\/www.saladalmau.com\/ca\/wp-json\/wp\/v2\/categories?post=7329"},{"taxonomy":"post_tag","embeddable":true,"href":"https:\/\/www.saladalmau.com\/ca\/wp-json\/wp\/v2\/tags?post=7329"}],"curies":[{"name":"wp","href":"https:\/\/api.w.org\/{rel}","templated":true}]}}