{"id":6796,"date":"2017-05-31T11:10:55","date_gmt":"2017-05-31T11:10:55","guid":{"rendered":"https:\/\/www.saladalmau.com\/ca\/2017\/05\/31\/premi-gac-2017-2\/"},"modified":"2017-10-28T10:32:27","modified_gmt":"2017-10-28T10:32:27","slug":"premi-gac-2017-2","status":"publish","type":"post","link":"https:\/\/www.saladalmau.com\/ca\/2017\/05\/31\/premi-gac-2017-2\/","title":{"rendered":"Premi GAC 2017"},"content":{"rendered":"<p style=\"text-align: left;\">Us deixem alguns articles de premsa publicats amb motiu dels Premis GAC 2017, en els que Mariana Draper, directora de <a href=\"\/?page_id=276\">la galeria<\/a>, ha estat guardonada amb el Premi a la Traject\u00f2ria:<\/p>\n<p style=\"text-align: left;\"><a href=\"https:\/\/www.saladalmau.com\/wp-content\/uploads\/2017\/05\/La-Vanguardia-31-mayo-17.pdf\">La Vanguardia <\/a><\/p>\n<p style=\"text-align: left;\"><a href=\"https:\/\/goo.gl\/AiBloN\">El peri\u00f3dico<\/a><\/p>\n<p style=\"text-align: left;\"><a href=\"https:\/\/goo.gl\/NqmxxV\">El punt Avui<\/a><\/p>\n<p style=\"text-align: left;\"><a href=\"https:\/\/goo.gl\/qm5aHI\">Ara<\/a><\/p>\n<p style=\"text-align: left;\"><a href=\"https:\/\/goo.gl\/BuxdSy\">El Pa\u00eds<\/a><\/p>\n<p style=\"text-align: left;\"><a href=\"https:\/\/goo.gl\/epddgC\">Europa Press<\/a><\/p>\n","protected":false},"excerpt":{"rendered":"<p>Us deixem alguns articles de premsa publicats amb motiu dels Premis GAC 2017, en els que Mariana Draper, directora de la galeria, ha estat guardonada amb el Premi a la Traject\u00f2ria: La Vanguardia El peri\u00f3dico El punt Avui Ara El Pa\u00eds Europa Press<\/p>\n","protected":false},"author":3,"featured_media":6785,"comment_status":"open","ping_status":"open","sticky":false,"template":"","format":"standard","meta":[],"categories":[3],"tags":[],"acf":[],"_links":{"self":[{"href":"https:\/\/www.saladalmau.com\/ca\/wp-json\/wp\/v2\/posts\/6796"}],"collection":[{"href":"https:\/\/www.saladalmau.com\/ca\/wp-json\/wp\/v2\/posts"}],"about":[{"href":"https:\/\/www.saladalmau.com\/ca\/wp-json\/wp\/v2\/types\/post"}],"author":[{"embeddable":true,"href":"https:\/\/www.saladalmau.com\/ca\/wp-json\/wp\/v2\/users\/3"}],"replies":[{"embeddable":true,"href":"https:\/\/www.saladalmau.com\/ca\/wp-json\/wp\/v2\/comments?post=6796"}],"version-history":[{"count":4,"href":"https:\/\/www.saladalmau.com\/ca\/wp-json\/wp\/v2\/posts\/6796\/revisions"}],"predecessor-version":[{"id":7493,"href":"https:\/\/www.saladalmau.com\/ca\/wp-json\/wp\/v2\/posts\/6796\/revisions\/7493"}],"wp:featuredmedia":[{"embeddable":true,"href":"https:\/\/www.saladalmau.com\/ca\/wp-json\/wp\/v2\/media\/6785"}],"wp:attachment":[{"href":"https:\/\/www.saladalmau.com\/ca\/wp-json\/wp\/v2\/media?parent=6796"}],"wp:term":[{"taxonomy":"category","embeddable":true,"href":"https:\/\/www.saladalmau.com\/ca\/wp-json\/wp\/v2\/categories?post=6796"},{"taxonomy":"post_tag","embeddable":true,"href":"https:\/\/www.saladalmau.com\/ca\/wp-json\/wp\/v2\/tags?post=6796"}],"curies":[{"name":"wp","href":"https:\/\/api.w.org\/{rel}","templated":true}]}}