{"id":42342,"date":"2023-09-21T12:04:20","date_gmt":"2023-09-21T10:04:20","guid":{"rendered":"https:\/\/www.saladalmau.com\/?p=42342"},"modified":"2023-09-21T12:04:20","modified_gmt":"2023-09-21T10:04:20","slug":"vega-de-seoane-a-luis-burgos","status":"publish","type":"post","link":"https:\/\/www.saladalmau.com\/ca\/2023\/09\/21\/vega-de-seoane-a-luis-burgos\/","title":{"rendered":"Vega de Seoane a Luis Burgos"},"content":{"rendered":"<p>Vega de Seoane a Luis Burgos<\/p>\n<p>Grand Tour \u00e9s el t\u00edtol de la nova exposici\u00f3 d\u2019 <a href=\"https:\/\/www.saladalmau.com\/ca\/artista\/eduardo-vega-de-seoane\/\">Eduardo Vega de Seoane<\/a> a Luis Burgos Galer\u00eda de arte a Madrid.<\/p>\n<p>Es tracta d\u2019una selecci\u00f3 de teles i papers realitzats en els darrers anys.<\/p>\n","protected":false},"excerpt":{"rendered":"<p>Vega de Seoane a Luis Burgos Grand Tour \u00e9s el t\u00edtol de la nova exposici\u00f3 d\u2019 Eduardo Vega de Seoane a Luis Burgos Galer\u00eda de arte a Madrid. Es tracta d\u2019una selecci\u00f3 de teles i papers realitzats en els darrers anys.<\/p>\n","protected":false},"author":3,"featured_media":42345,"comment_status":"closed","ping_status":"closed","sticky":false,"template":"","format":"standard","meta":[],"categories":[3],"tags":[],"acf":[],"_links":{"self":[{"href":"https:\/\/www.saladalmau.com\/ca\/wp-json\/wp\/v2\/posts\/42342"}],"collection":[{"href":"https:\/\/www.saladalmau.com\/ca\/wp-json\/wp\/v2\/posts"}],"about":[{"href":"https:\/\/www.saladalmau.com\/ca\/wp-json\/wp\/v2\/types\/post"}],"author":[{"embeddable":true,"href":"https:\/\/www.saladalmau.com\/ca\/wp-json\/wp\/v2\/users\/3"}],"replies":[{"embeddable":true,"href":"https:\/\/www.saladalmau.com\/ca\/wp-json\/wp\/v2\/comments?post=42342"}],"version-history":[{"count":2,"href":"https:\/\/www.saladalmau.com\/ca\/wp-json\/wp\/v2\/posts\/42342\/revisions"}],"predecessor-version":[{"id":42349,"href":"https:\/\/www.saladalmau.com\/ca\/wp-json\/wp\/v2\/posts\/42342\/revisions\/42349"}],"wp:featuredmedia":[{"embeddable":true,"href":"https:\/\/www.saladalmau.com\/ca\/wp-json\/wp\/v2\/media\/42345"}],"wp:attachment":[{"href":"https:\/\/www.saladalmau.com\/ca\/wp-json\/wp\/v2\/media?parent=42342"}],"wp:term":[{"taxonomy":"category","embeddable":true,"href":"https:\/\/www.saladalmau.com\/ca\/wp-json\/wp\/v2\/categories?post=42342"},{"taxonomy":"post_tag","embeddable":true,"href":"https:\/\/www.saladalmau.com\/ca\/wp-json\/wp\/v2\/tags?post=42342"}],"curies":[{"name":"wp","href":"https:\/\/api.w.org\/{rel}","templated":true}]}}