{"id":40057,"date":"2023-03-30T12:14:54","date_gmt":"2023-03-30T11:14:54","guid":{"rendered":"https:\/\/www.saladalmau.com\/?p=40057"},"modified":"2023-03-30T12:14:54","modified_gmt":"2023-03-30T11:14:54","slug":"juan-de-andres-geometria-sensible","status":"publish","type":"post","link":"https:\/\/www.saladalmau.com\/ca\/2023\/03\/30\/juan-de-andres-geometria-sensible\/","title":{"rendered":"Juan de Andr\u00e9s \u2013 Geometr\u00eda sensible"},"content":{"rendered":"<p>Juan de Andr\u00e9s Geometr\u00eda sensible<\/p>\n<p><a href=\"\/ca\/artista\/juan-de-andres\/\">Juan de Andr\u00e9s<\/a> participa en l\u2019exposici\u00f3 \u201cGeometr\u00eda sensible\u201d a <a href=\"http:\/\/enlaceartinprogress.com\/\">Enlace Art and Progress<\/a> a Serra de Dar\u00f3 (Girona).<\/p>\n<p>La mostra es celebrar\u00e0 del 7 de abril al 18 de juny i en la que tamb\u00e9 participen, entre d\u2019altres, Eusebio Sempere, Mois\u00e8s Vill\u00e8lia i Victor Vassarely.<\/p>\n","protected":false},"excerpt":{"rendered":"<p>Juan de Andr\u00e9s Geometr\u00eda sensible Juan de Andr\u00e9s participa en l\u2019exposici\u00f3 \u201cGeometr\u00eda sensible\u201d a Enlace Art and Progress a Serra de Dar\u00f3 (Girona). La mostra es celebrar\u00e0 del 7 de abril al 18 de juny i en la que tamb\u00e9 participen, entre d\u2019altres, Eusebio Sempere, [&hellip;]<\/p>\n","protected":false},"author":3,"featured_media":40061,"comment_status":"closed","ping_status":"closed","sticky":false,"template":"","format":"standard","meta":[],"categories":[3],"tags":[],"acf":[],"_links":{"self":[{"href":"https:\/\/www.saladalmau.com\/ca\/wp-json\/wp\/v2\/posts\/40057"}],"collection":[{"href":"https:\/\/www.saladalmau.com\/ca\/wp-json\/wp\/v2\/posts"}],"about":[{"href":"https:\/\/www.saladalmau.com\/ca\/wp-json\/wp\/v2\/types\/post"}],"author":[{"embeddable":true,"href":"https:\/\/www.saladalmau.com\/ca\/wp-json\/wp\/v2\/users\/3"}],"replies":[{"embeddable":true,"href":"https:\/\/www.saladalmau.com\/ca\/wp-json\/wp\/v2\/comments?post=40057"}],"version-history":[{"count":2,"href":"https:\/\/www.saladalmau.com\/ca\/wp-json\/wp\/v2\/posts\/40057\/revisions"}],"predecessor-version":[{"id":40064,"href":"https:\/\/www.saladalmau.com\/ca\/wp-json\/wp\/v2\/posts\/40057\/revisions\/40064"}],"wp:featuredmedia":[{"embeddable":true,"href":"https:\/\/www.saladalmau.com\/ca\/wp-json\/wp\/v2\/media\/40061"}],"wp:attachment":[{"href":"https:\/\/www.saladalmau.com\/ca\/wp-json\/wp\/v2\/media?parent=40057"}],"wp:term":[{"taxonomy":"category","embeddable":true,"href":"https:\/\/www.saladalmau.com\/ca\/wp-json\/wp\/v2\/categories?post=40057"},{"taxonomy":"post_tag","embeddable":true,"href":"https:\/\/www.saladalmau.com\/ca\/wp-json\/wp\/v2\/tags?post=40057"}],"curies":[{"name":"wp","href":"https:\/\/api.w.org\/{rel}","templated":true}]}}