{"id":11481,"date":"2020-06-03T18:11:44","date_gmt":"2020-06-03T17:11:44","guid":{"rendered":"https:\/\/www.saladalmau.com\/?p=11481"},"modified":"2020-06-10T17:48:52","modified_gmt":"2020-06-10T16:48:52","slug":"juan-alcalde-mor","status":"publish","type":"post","link":"https:\/\/www.saladalmau.com\/ca\/2020\/06\/03\/juan-alcalde-mor\/","title":{"rendered":"Mor Juan Alcalde"},"content":{"rendered":"<p>Acabem de rebre la trista not\u00edcia de la mort de <a href=\"https:\/\/www.saladalmau.com\/ca\/artista\/juan-alcalde\/\">Juan Alcalde<\/a>, gran pintor i entranyable amic. Amb ell se\u2019n va el darrer representant de l\u2019escola espanyola de Par\u00eds. Company de Vi\u00f1es i Peinado al Par\u00eds de postguerra, ens deixa una obra metaf\u00edsica que respira silenci i misteri.<\/p>\n<p>Educat, culte, amable, estimat&#8230;Alcalde no era un pintor m\u00e9s de la galeria, era el darrer de Par\u00eds, i tamb\u00e9 el que ens va obrir molts dels estudis dels seus companys.<\/p>\n<p>\u201cLa vida es un misteri que beneeixo sense indagar res. La vida i la pintura m\u2019agraden cada dia m\u00e9s, la mort no t\u00e9 import\u00e0ncia. M\u2019agrada veure l\u2019albada, l\u2019albada \u00e9s un naixement, el son com la mort, per\u00f2 al llevar-te vius de nou. La quietud es la mort, la inquietud es la vida\u201d.\u00a0 Juan Alcalde<\/p>\n<p lang=\"es-ES\">\u00a0<\/p>\n<p lang=\"es-ES\"><img decoding=\"async\" loading=\"lazy\" class=\"size-medium wp-image-11486 aligncenter\" src=\"https:\/\/www.saladalmau.com\/wp-content\/uploads\/2020\/06\/foto4-300x199.jpg\" alt=\"\" width=\"300\" height=\"199\" srcset=\"https:\/\/www.saladalmau.com\/wp-content\/uploads\/2020\/06\/foto4-300x199.jpg 300w, https:\/\/www.saladalmau.com\/wp-content\/uploads\/2020\/06\/foto4-150x100.jpg 150w, https:\/\/www.saladalmau.com\/wp-content\/uploads\/2020\/06\/foto4-768x510.jpg 768w, https:\/\/www.saladalmau.com\/wp-content\/uploads\/2020\/06\/foto4-1024x680.jpg 1024w, https:\/\/www.saladalmau.com\/wp-content\/uploads\/2020\/06\/foto4-1100x731.jpg 1100w, https:\/\/www.saladalmau.com\/wp-content\/uploads\/2020\/06\/foto4.jpg 1246w\" sizes=\"(max-width: 300px) 100vw, 300px\" \/><\/p>\n<p lang=\"es-ES\" style=\"text-align: center;\">\u00a0Francesc i Mariana Draper, fundadors de la galeria, amb Juan Alcalde.<\/p>\n","protected":false},"excerpt":{"rendered":"<p>Acabem de rebre la trista not\u00edcia de la mort de Juan Alcalde, gran pintor i entranyable amic. Amb ell se\u2019n va el darrer representant de l\u2019escola espanyola de Par\u00eds. Company de Vi\u00f1es i Peinado al Par\u00eds de postguerra, ens deixa una obra metaf\u00edsica que respira [&hellip;]<\/p>\n","protected":false},"author":3,"featured_media":11484,"comment_status":"closed","ping_status":"closed","sticky":false,"template":"","format":"standard","meta":[],"categories":[3],"tags":[],"acf":[],"_links":{"self":[{"href":"https:\/\/www.saladalmau.com\/ca\/wp-json\/wp\/v2\/posts\/11481"}],"collection":[{"href":"https:\/\/www.saladalmau.com\/ca\/wp-json\/wp\/v2\/posts"}],"about":[{"href":"https:\/\/www.saladalmau.com\/ca\/wp-json\/wp\/v2\/types\/post"}],"author":[{"embeddable":true,"href":"https:\/\/www.saladalmau.com\/ca\/wp-json\/wp\/v2\/users\/3"}],"replies":[{"embeddable":true,"href":"https:\/\/www.saladalmau.com\/ca\/wp-json\/wp\/v2\/comments?post=11481"}],"version-history":[{"count":4,"href":"https:\/\/www.saladalmau.com\/ca\/wp-json\/wp\/v2\/posts\/11481\/revisions"}],"predecessor-version":[{"id":11582,"href":"https:\/\/www.saladalmau.com\/ca\/wp-json\/wp\/v2\/posts\/11481\/revisions\/11582"}],"wp:featuredmedia":[{"embeddable":true,"href":"https:\/\/www.saladalmau.com\/ca\/wp-json\/wp\/v2\/media\/11484"}],"wp:attachment":[{"href":"https:\/\/www.saladalmau.com\/ca\/wp-json\/wp\/v2\/media?parent=11481"}],"wp:term":[{"taxonomy":"category","embeddable":true,"href":"https:\/\/www.saladalmau.com\/ca\/wp-json\/wp\/v2\/categories?post=11481"},{"taxonomy":"post_tag","embeddable":true,"href":"https:\/\/www.saladalmau.com\/ca\/wp-json\/wp\/v2\/tags?post=11481"}],"curies":[{"name":"wp","href":"https:\/\/api.w.org\/{rel}","templated":true}]}}